{"id":3491,"date":"2026-08-28T18:21:24","date_gmt":"2026-08-28T16:21:24","guid":{"rendered":"https:\/\/www.parrocchiasanremigio.it\/?p=3491"},"modified":"2026-08-28T18:21:25","modified_gmt":"2026-08-28T16:21:25","slug":"avviso-n31-3","status":"publish","type":"post","link":"https:\/\/www.parrocchiasanremigio.it\/?p=3491","title":{"rendered":"Avviso &#8211; n\u00b031"},"content":{"rendered":"\n<p class=\"wp-block-paragraph\"><\/p>\n\n\n<p><strong>AVVISI PARROCCHIALI<\/strong>\n<\/p>\n<p><strong>XXII DOMENICA DEL TEMPO ORDINARIO<\/strong>\n<\/p>\n<p><strong>(30.08.2026)<\/strong>\n<\/p><ol><li>\n  Questa settimana la Chiesa celebra:\n<\/li><\/ol>\n<ul>\n  <li>\n    Gioved\u00ec, <strong>3 settembre<\/strong>, la memoria di <strong>San Gregorio<\/strong> <strong>Magno<\/strong>, papa e dottore della Chiesa.\n  <\/li>\n<\/ul><ol><li>\n  Venerd\u00ec, il <strong>4 settembre<\/strong> 2026 \u00e8 il <strong>primo venerd\u00ec del mese<\/strong>. Porteremo la comunione ai malati dalle ore 9:30. \n<\/li><li>\n  Vi informiamo che <strong>dal 14 settembre al 25 settembre 2026 <\/strong>presso l\u2019<strong>Ufficio Parrocchiale<\/strong> sono aperte le iscrizioni al primo anno del cammino di iniziazione cristiana (catechismo Prima Comunione per i nostri parrocchiani). Le informazioni dettagliate (anche per quelli che gi\u00e0 hanno compiuto il primo anno del cammino di iniziazione cristiana) sono pubblicate sui manifesti alle uscite della chiesa. Vi invitiamo di leggerli con attenzione! \n<\/li><li>\n  Domenica, <strong>20 settembre 2026<\/strong>, celebreremo la <strong>Giornata della Fraternit\u00e0<\/strong>. Per questa occasione, il Gruppo UNITALSI della nostra parrocchia, organizza un pranzo al quale sono invitate tutte le persone anziane, vulnerabili e che vivono situazioni di fragilit\u00e0, desiderose di trascorrere un momento di autentica fraternit\u00e0, condividendo fatiche, sogni e speranze. Coloro che desiderano partecipare sono pregati di dare la propria adesione in sacrestia o ai sacerdoti entro domenica 13.09.2026.\n<\/li><li>\n  Grazie di cuore ai gruppi <strong>Catechisti e Oratorio<\/strong> per la pulizia della chiesa e preghiamo di venire questo venerd\u00ec i seguenti gruppi<strong> Caritas, Lectio Divina e Neocatecumenale. <\/strong>\n<\/li><li>\n  Affidiamo alla misericordia di Dio il nostro parrocchiano:\n<\/li><\/ol>\n<ul>\n  <li><strong>Angeloni Mario,<\/strong> 94 anni. \n  <\/li>\n<\/ul>\n<p><strong><em>L\u2019eterno riposo\u2026.<\/em><\/strong>\n<\/p><ol><li>\n  Auguriamo a tutti i parrocchiani e agli ospiti una Buona Domenica. \n<\/li><\/ol>","protected":false},"excerpt":{"rendered":"<p>AVVISI PARROCCHIALI XXII DOMENICA DEL TEMPO ORDINARIO (30.08.2026) Questa settimana la Chiesa celebra: Gioved\u00ec, 3 settembre, la memoria di San Gregorio Magno, papa e dottore della Chiesa. Venerd\u00ec, il 4 settembre 2026 \u00e8 il primo venerd\u00ec del mese. Porteremo la comunione ai malati dalle ore 9:30. Vi informiamo che dal 14 settembre al 25 settembre [&hellip;]<\/p>\n","protected":false},"author":1,"featured_media":0,"comment_status":"closed","ping_status":"open","sticky":false,"template":"","format":"standard","meta":{"_bbp_topic_count":0,"_bbp_reply_count":0,"_bbp_total_topic_count":0,"_bbp_total_reply_count":0,"_bbp_voice_count":0,"_bbp_anonymous_reply_count":0,"_bbp_topic_count_hidden":0,"_bbp_reply_count_hidden":0,"_bbp_forum_subforum_count":0,"site-sidebar-layout":"default","site-content-layout":"","ast-site-content-layout":"default","site-content-style":"default","site-sidebar-style":"default","ast-global-header-display":"","ast-banner-title-visibility":"","ast-main-header-display":"","ast-hfb-above-header-display":"","ast-hfb-below-header-display":"","ast-hfb-mobile-header-display":"","site-post-title":"","ast-breadcrumbs-content":"","ast-featured-img":"","footer-sml-layout":"","ast-disable-related-posts":"","theme-transparent-header-meta":"","adv-header-id-meta":"","stick-header-meta":"","header-above-stick-meta":"","header-main-stick-meta":"","header-below-stick-meta":"","astra-migrate-meta-layouts":"set","ast-page-background-enabled":"default","ast-page-background-meta":{"desktop":{"background-color":"","background-image":"","background-repeat":"repeat","background-position":"center center","background-size":"auto","background-attachment":"scroll","background-type":"","background-media":"","overlay-type":"","overlay-color":"","overlay-opacity":"","overlay-gradient":""},"tablet":{"background-color":"","background-image":"","background-repeat":"repeat","background-position":"center center","background-size":"auto","background-attachment":"scroll","background-type":"","background-media":"","overlay-type":"","overlay-color":"","overlay-opacity":"","overlay-gradient":""},"mobile":{"background-color":"","background-image":"","background-repeat":"repeat","background-position":"center center","background-size":"auto","background-attachment":"scroll","background-type":"","background-media":"","overlay-type":"","overlay-color":"","overlay-opacity":"","overlay-gradient":""}},"ast-content-background-meta":{"desktop":{"background-color":"var(--ast-global-color-5)","background-image":"","background-repeat":"repeat","background-position":"center center","background-size":"auto","background-attachment":"scroll","background-type":"","background-media":"","overlay-type":"","overlay-color":"","overlay-opacity":"","overlay-gradient":""},"tablet":{"background-color":"var(--ast-global-color-5)","background-image":"","background-repeat":"repeat","background-position":"center center","background-size":"auto","background-attachment":"scroll","background-type":"","background-media":"","overlay-type":"","overlay-color":"","overlay-opacity":"","overlay-gradient":""},"mobile":{"background-color":"var(--ast-global-color-5)","background-image":"","background-repeat":"repeat","background-position":"center center","background-size":"auto","background-attachment":"scroll","background-type":"","background-media":"","overlay-type":"","overlay-color":"","overlay-opacity":"","overlay-gradient":""}},"_jetpack_newsletter_access":"","_jetpack_dont_email_post_to_subs":false,"_jetpack_newsletter_tier_id":0,"_jetpack_memberships_contains_paywalled_content":false,"_jetpack_feature_clip_id":0,"_jetpack_memberships_contains_paid_content":false,"footnotes":"[]","jetpack_post_was_ever_published":false},"categories":[11],"tags":[],"class_list":["post-3491","post","type-post","status-publish","format-standard","hentry","category-11"],"jetpack_sharing_enabled":true,"jetpack_featured_media_url":"","_links":{"self":[{"href":"https:\/\/www.parrocchiasanremigio.it\/index.php?rest_route=\/wp\/v2\/posts\/3491","targetHints":{"allow":["GET"]}}],"collection":[{"href":"https:\/\/www.parrocchiasanremigio.it\/index.php?rest_route=\/wp\/v2\/posts"}],"about":[{"href":"https:\/\/www.parrocchiasanremigio.it\/index.php?rest_route=\/wp\/v2\/types\/post"}],"author":[{"embeddable":true,"href":"https:\/\/www.parrocchiasanremigio.it\/index.php?rest_route=\/wp\/v2\/users\/1"}],"replies":[{"embeddable":true,"href":"https:\/\/www.parrocchiasanremigio.it\/index.php?rest_route=%2Fwp%2Fv2%2Fcomments&post=3491"}],"version-history":[{"count":1,"href":"https:\/\/www.parrocchiasanremigio.it\/index.php?rest_route=\/wp\/v2\/posts\/3491\/revisions"}],"predecessor-version":[{"id":3492,"href":"https:\/\/www.parrocchiasanremigio.it\/index.php?rest_route=\/wp\/v2\/posts\/3491\/revisions\/3492"}],"wp:attachment":[{"href":"https:\/\/www.parrocchiasanremigio.it\/index.php?rest_route=%2Fwp%2Fv2%2Fmedia&parent=3491"}],"wp:term":[{"taxonomy":"category","embeddable":true,"href":"https:\/\/www.parrocchiasanremigio.it\/index.php?rest_route=%2Fwp%2Fv2%2Fcategories&post=3491"},{"taxonomy":"post_tag","embeddable":true,"href":"https:\/\/www.parrocchiasanremigio.it\/index.php?rest_route=%2Fwp%2Fv2%2Ftags&post=3491"}],"curies":[{"name":"wp","href":"https:\/\/api.w.org\/{rel}","templated":true}]}}