{"id":3477,"date":"2026-08-23T17:23:54","date_gmt":"2026-08-23T15:23:54","guid":{"rendered":"https:\/\/www.parrocchiasanremigio.it\/?p=3477"},"modified":"2026-08-23T17:23:55","modified_gmt":"2026-08-23T15:23:55","slug":"avviso-n28-3","status":"publish","type":"post","link":"https:\/\/www.parrocchiasanremigio.it\/?p=3477","title":{"rendered":"Avviso &#8211; n\u00b028"},"content":{"rendered":"\n<p class=\"wp-block-paragraph\"><\/p>\n\n\n<p><strong>AVVISI PARROCCHIALI <\/strong><strong>XIX DOMENICA DEL TEMPO ORDINARIO (9.08.2026)<\/strong><\/p>\n<p>Nel mese di agosto, il sacramento della Riconciliazione sar\u00e0 celebrato esclusivamente prima della Santa Messa, con disponibilit\u00e0 del sacerdote a partire da 30 minuti prima della celebrazione e fino a 5 minuti dal suo inizio.<\/p>\n<p>Tale disposizione si rende necessaria poich\u00e9, al momento, il servizio pastorale della parrocchia \u00e8 affidato a un unico sacerdote.<\/p>\n<p>I fedeli che non potessero accostarsi al sacramento la domenica sono invitati a concordare un appuntamento nel corso della settimana, contattando direttamente il sacerdote.<\/p>\n<p>Questa settimana la Chiesa celebra:<\/p>\n<ul>\n<li>Luned\u00ec, 10 agosto, la festa di San Lorenzo<\/li>\n<li>Marted\u00ec, 11 agosto, la memoria di Santa Chiara d\u2019Assisi<\/li>\n<li>Venerd\u00ec, 14 agosto, la memoria di San Massimiliano Maria Kolbe<\/li>\n<li>Sabato, 15 agosto, celebreremo la solennit\u00e0 dell&#8217;ASSUNZIONE DELLA BEATA VERGINE MARIA. In questo giorno, le Sante Messe verranno celebrate secondo l&#8217;orario della domenica estiva, cio\u00e8 alle ore 8:00, 10:00 e 19:00. La Messa vespertina della solennit\u00e0 si terr\u00e0 venerd\u00ec, 14 agosto alle ore 19:00.<\/li>\n<\/ul>\n<p>Grazie di cuore ai gruppi Caritas, Lectio Divina e Neocatecumenale per la pulizia della chiesa e preghiamo di venire questo venerd\u00ec il gruppo Scout.<\/p>\n<p>Affidiamo alla misericordia di Dio la nostra parrocchiana: Fatato Fausta L\u2019eterno riposo\u2026\u2026.<\/p>\n<p>Auguriamo a tutti i parrocchiani e agli ospiti una Buona Domenica.<\/p>\n<p>&nbsp;<\/p>","protected":false},"excerpt":{"rendered":"<p>AVVISI PARROCCHIALI XIX DOMENICA DEL TEMPO ORDINARIO (9.08.2026) Nel mese di agosto, il sacramento della Riconciliazione sar\u00e0 celebrato esclusivamente prima della Santa Messa, con disponibilit\u00e0 del sacerdote a partire da 30 minuti prima della celebrazione e fino a 5 minuti dal suo inizio. Tale disposizione si rende necessaria poich\u00e9, al momento, il servizio pastorale della [&hellip;]<\/p>\n","protected":false},"author":1,"featured_media":0,"comment_status":"closed","ping_status":"open","sticky":false,"template":"","format":"standard","meta":{"_bbp_topic_count":0,"_bbp_reply_count":0,"_bbp_total_topic_count":0,"_bbp_total_reply_count":0,"_bbp_voice_count":0,"_bbp_anonymous_reply_count":0,"_bbp_topic_count_hidden":0,"_bbp_reply_count_hidden":0,"_bbp_forum_subforum_count":0,"site-sidebar-layout":"default","site-content-layout":"","ast-site-content-layout":"default","site-content-style":"default","site-sidebar-style":"default","ast-global-header-display":"","ast-banner-title-visibility":"","ast-main-header-display":"","ast-hfb-above-header-display":"","ast-hfb-below-header-display":"","ast-hfb-mobile-header-display":"","site-post-title":"","ast-breadcrumbs-content":"","ast-featured-img":"","footer-sml-layout":"","ast-disable-related-posts":"","theme-transparent-header-meta":"","adv-header-id-meta":"","stick-header-meta":"","header-above-stick-meta":"","header-main-stick-meta":"","header-below-stick-meta":"","astra-migrate-meta-layouts":"set","ast-page-background-enabled":"default","ast-page-background-meta":{"desktop":{"background-color":"","background-image":"","background-repeat":"repeat","background-position":"center center","background-size":"auto","background-attachment":"scroll","background-type":"","background-media":"","overlay-type":"","overlay-color":"","overlay-opacity":"","overlay-gradient":""},"tablet":{"background-color":"","background-image":"","background-repeat":"repeat","background-position":"center center","background-size":"auto","background-attachment":"scroll","background-type":"","background-media":"","overlay-type":"","overlay-color":"","overlay-opacity":"","overlay-gradient":""},"mobile":{"background-color":"","background-image":"","background-repeat":"repeat","background-position":"center center","background-size":"auto","background-attachment":"scroll","background-type":"","background-media":"","overlay-type":"","overlay-color":"","overlay-opacity":"","overlay-gradient":""}},"ast-content-background-meta":{"desktop":{"background-color":"var(--ast-global-color-5)","background-image":"","background-repeat":"repeat","background-position":"center center","background-size":"auto","background-attachment":"scroll","background-type":"","background-media":"","overlay-type":"","overlay-color":"","overlay-opacity":"","overlay-gradient":""},"tablet":{"background-color":"var(--ast-global-color-5)","background-image":"","background-repeat":"repeat","background-position":"center center","background-size":"auto","background-attachment":"scroll","background-type":"","background-media":"","overlay-type":"","overlay-color":"","overlay-opacity":"","overlay-gradient":""},"mobile":{"background-color":"var(--ast-global-color-5)","background-image":"","background-repeat":"repeat","background-position":"center center","background-size":"auto","background-attachment":"scroll","background-type":"","background-media":"","overlay-type":"","overlay-color":"","overlay-opacity":"","overlay-gradient":""}},"_jetpack_newsletter_access":"","_jetpack_dont_email_post_to_subs":false,"_jetpack_newsletter_tier_id":0,"_jetpack_memberships_contains_paywalled_content":false,"_jetpack_feature_clip_id":0,"_jetpack_memberships_contains_paid_content":false,"footnotes":"[]","jetpack_post_was_ever_published":false},"categories":[11],"tags":[],"class_list":["post-3477","post","type-post","status-publish","format-standard","hentry","category-11"],"jetpack_sharing_enabled":true,"jetpack_featured_media_url":"","_links":{"self":[{"href":"https:\/\/www.parrocchiasanremigio.it\/index.php?rest_route=\/wp\/v2\/posts\/3477","targetHints":{"allow":["GET"]}}],"collection":[{"href":"https:\/\/www.parrocchiasanremigio.it\/index.php?rest_route=\/wp\/v2\/posts"}],"about":[{"href":"https:\/\/www.parrocchiasanremigio.it\/index.php?rest_route=\/wp\/v2\/types\/post"}],"author":[{"embeddable":true,"href":"https:\/\/www.parrocchiasanremigio.it\/index.php?rest_route=\/wp\/v2\/users\/1"}],"replies":[{"embeddable":true,"href":"https:\/\/www.parrocchiasanremigio.it\/index.php?rest_route=%2Fwp%2Fv2%2Fcomments&post=3477"}],"version-history":[{"count":1,"href":"https:\/\/www.parrocchiasanremigio.it\/index.php?rest_route=\/wp\/v2\/posts\/3477\/revisions"}],"predecessor-version":[{"id":3478,"href":"https:\/\/www.parrocchiasanremigio.it\/index.php?rest_route=\/wp\/v2\/posts\/3477\/revisions\/3478"}],"wp:attachment":[{"href":"https:\/\/www.parrocchiasanremigio.it\/index.php?rest_route=%2Fwp%2Fv2%2Fmedia&parent=3477"}],"wp:term":[{"taxonomy":"category","embeddable":true,"href":"https:\/\/www.parrocchiasanremigio.it\/index.php?rest_route=%2Fwp%2Fv2%2Fcategories&post=3477"},{"taxonomy":"post_tag","embeddable":true,"href":"https:\/\/www.parrocchiasanremigio.it\/index.php?rest_route=%2Fwp%2Fv2%2Ftags&post=3477"}],"curies":[{"name":"wp","href":"https:\/\/api.w.org\/{rel}","templated":true}]}}